{"id":12719,"date":"2026-04-28T15:37:36","date_gmt":"2026-04-28T19:37:36","guid":{"rendered":"https:\/\/www.colegiosanrafael.cl\/?p=12719"},"modified":"2026-04-29T17:09:25","modified_gmt":"2026-04-29T21:09:25","slug":"csra-21-118","status":"publish","type":"post","link":"https:\/\/www.colegiosanrafael.cl\/index.php\/2026\/04\/28\/csra-21-118\/","title":{"rendered":"Jornada Nacional del D\u00eda de la Convivencia Escolar:"},"content":{"rendered":"<p style=\"text-align: justify;\"><span style=\"font-family: tahoma, arial, helvetica, sans-serif; color: #000000; font-size: 16px;\">Este martes celebramos esta fecha con una actividad destinada a promover relaciones respetuosas, inclusivas y pac\u00edficas dentro de los centros educativos. <\/span><br \/>\n<span style=\"font-family: tahoma, arial, helvetica, sans-serif; color: #000000; font-size: 16px;\">El Ministerio de Educaci\u00f3n, busca fortalecer la formaci\u00f3n integral, prevenir la violencia escolar y fomentar el di\u00e1logo entre estudiantes, docentes y familias.<\/span><br \/>\n<span style=\"font-family: tahoma, arial, helvetica, sans-serif; color: #000000; font-size: 16px;\">Queremos lograr que nuestro colegio a la luz de San Rafael Arc\u00e1ngel sea un ambiente escolar seguro y positivo que facilite el aprendizaje y las buenas relaciones entre pares.<\/span><\/p>\n<p><iframe loading=\"lazy\" title=\"D\u00eda de la Convivencia Educativa 2026\" src=\"https:\/\/www.youtube.com\/embed\/7BOiySmr-fI\" width=\"579\" height=\"823\" frameborder=\"0\" allowfullscreen=\"allowfullscreen\"><\/iframe><\/p>\n","protected":false},"excerpt":{"rendered":"<p>Este martes celebramos esta fecha con una actividad destinada a promover relaciones respetuosas, inclusivas y pac\u00edficas dentro de los centros educativos. El Ministerio de Educaci\u00f3n, busca fortalecer la formaci\u00f3n integral, prevenir la violencia escolar y fomentar el di\u00e1logo entre estudiantes, docentes y familias. Queremos lograr que nuestro colegio a la luz de San Rafael Arc\u00e1ngel [&hellip;]<\/p>\n","protected":false},"author":3,"featured_media":12730,"comment_status":"open","ping_status":"open","sticky":false,"template":"","format":"gallery","meta":[],"categories":[4],"tags":[],"_links":{"self":[{"href":"https:\/\/www.colegiosanrafael.cl\/index.php\/wp-json\/wp\/v2\/posts\/12719"}],"collection":[{"href":"https:\/\/www.colegiosanrafael.cl\/index.php\/wp-json\/wp\/v2\/posts"}],"about":[{"href":"https:\/\/www.colegiosanrafael.cl\/index.php\/wp-json\/wp\/v2\/types\/post"}],"author":[{"embeddable":true,"href":"https:\/\/www.colegiosanrafael.cl\/index.php\/wp-json\/wp\/v2\/users\/3"}],"replies":[{"embeddable":true,"href":"https:\/\/www.colegiosanrafael.cl\/index.php\/wp-json\/wp\/v2\/comments?post=12719"}],"version-history":[{"count":4,"href":"https:\/\/www.colegiosanrafael.cl\/index.php\/wp-json\/wp\/v2\/posts\/12719\/revisions"}],"predecessor-version":[{"id":12739,"href":"https:\/\/www.colegiosanrafael.cl\/index.php\/wp-json\/wp\/v2\/posts\/12719\/revisions\/12739"}],"wp:featuredmedia":[{"embeddable":true,"href":"https:\/\/www.colegiosanrafael.cl\/index.php\/wp-json\/wp\/v2\/media\/12730"}],"wp:attachment":[{"href":"https:\/\/www.colegiosanrafael.cl\/index.php\/wp-json\/wp\/v2\/media?parent=12719"}],"wp:term":[{"taxonomy":"category","embeddable":true,"href":"https:\/\/www.colegiosanrafael.cl\/index.php\/wp-json\/wp\/v2\/categories?post=12719"},{"taxonomy":"post_tag","embeddable":true,"href":"https:\/\/www.colegiosanrafael.cl\/index.php\/wp-json\/wp\/v2\/tags?post=12719"}],"curies":[{"name":"wp","href":"https:\/\/api.w.org\/{rel}","templated":true}]}}